{"id":7617,"date":"2023-06-30T10:05:18","date_gmt":"2023-06-30T08:05:18","guid":{"rendered":"https:\/\/camping-miramar.de\/?p=7617"},"modified":"2023-07-04T11:15:31","modified_gmt":"2023-07-04T09:15:31","slug":"nationalpark-ostsee","status":"publish","type":"post","link":"https:\/\/camping-miramar.de\/en\/nationalpark-ostsee\/","title":{"rendered":"Nationalpark Ostsee"},"content":{"rendered":"<div class=\"fusion-fullwidth fullwidth-box fusion-builder-row-1 fusion-flex-container nonhundred-percent-fullwidth non-hundred-percent-height-scrolling\" style=\"--awb-border-radius-top-left:0px;--awb-border-radius-top-right:0px;--awb-border-radius-bottom-right:0px;--awb-border-radius-bottom-left:0px;--awb-flex-wrap:wrap;\" ><div class=\"fusion-builder-row fusion-row fusion-flex-align-items-flex-start fusion-flex-justify-content-center fusion-flex-content-wrap\" style=\"max-width:1248px;margin-left: calc(-4% \/ 2 );margin-right: calc(-4% \/ 2 );\"><div class=\"fusion-layout-column fusion_builder_column fusion-builder-column-0 fusion_builder_column_1_1 1_1 fusion-flex-column\" style=\"--awb-bg-size:cover;--awb-width-large:100%;--awb-margin-top-large:0px;--awb-spacing-right-large:1.92%;--awb-margin-bottom-large:70px;--awb-spacing-left-large:1.92%;--awb-width-medium:100%;--awb-order-medium:0;--awb-spacing-right-medium:1.92%;--awb-spacing-left-medium:1.92%;--awb-width-small:100%;--awb-order-small:0;--awb-spacing-right-small:1.92%;--awb-spacing-left-small:1.92%;\"><div class=\"fusion-column-wrapper fusion-column-has-shadow fusion-flex-justify-content-flex-start fusion-content-layout-column\"><div class=\"fusion-separator fusion-full-width-sep\" style=\"align-self: center;margin-left: auto;margin-right: auto;margin-top:15px;width:100%;\"><\/div><div class=\"fusion-title title fusion-title-1 fusion-sep-none fusion-title-text fusion-title-size-three\" style=\"--awb-text-color:var(--awb-custom_color_1);--awb-margin-top-small:0px;--awb-margin-bottom-small:20px;\"><h3 class=\"fusion-title-heading title-heading-left fusion-responsive-typography-calculated\" style=\"margin:0;text-transform:none;--fontSize:19;--minFontSize:19;line-height:1.35;\">Liebe Fehmarn-Freunde, auch wir m\u00f6chten uns hier ganz klar gegen den Nationalpark Ostsee positionieren.<\/p><\/h3><\/div><div class=\"fusion-text fusion-text-1 fusion-text-no-margin\" style=\"--awb-text-color:var(--awb-color8);--awb-margin-bottom:60px;\"><p>Wir sind auf jeden Fall pro Naturschutz und m\u00f6chten unser gr\u00f6\u00dftes Gut, die Ostsee, nachhaltig sch\u00fctzen. Doch denken wir nicht, dass der Titel \u201cNationalpark\u201d, der zur Folge haben k\u00f6nnte, dass der Wassersport wenig bis gar nicht mehr betrieben werden kann, die Fischerei eingeschr\u00e4nkt wird und auch kaum Boote mehr schippern, sinnvoll f\u00fcr den Naturschutz ist. So genannte Nullnutzungsgebiete k\u00f6nnten auf uns zukommen. Da sollten wir doch lieber die Munition in der Ostsee bergen (und vielleicht keine Tunnel bauen).<\/p>\n<p>Alle, denen die Ostsee am Herzen liegt und das gemeinsame Leben mit ihr, sollten sich hier stark machen!<\/p>\n<p>Mehr Infos findet ihr hier:<\/p>\n<p><a href=\"https:\/\/nationalpark-ostsee.de\" target=\"_blank\" rel=\"noopener\">https:\/\/nationalpark-ostsee.de<\/a><\/p>\n<p><a href=\"https:\/\/www.ndr.de\/nachrichten\/schleswig-holstein\/Nationalpark-Ostsee-Plaene-sorgen-fuer-Verunsicherung,nationalparkostsee108.html\" target=\"_blank\" rel=\"noopener\">https:\/\/www.ndr.de\/nachrichten\/schleswig-holstein\/Nationalpark-Ostsee-Plaene-sorgen-fuer-Verunsicherung,nationalparkostsee108.html<\/a><\/p>\n<\/div><div class=\"fusion-image-element\" style=\"text-align:center;--awb-caption-title-font-family:var(--h2_typography-font-family);--awb-caption-title-font-weight:var(--h2_typography-font-weight);--awb-caption-title-font-style:var(--h2_typography-font-style);--awb-caption-title-size:var(--h2_typography-font-size);--awb-caption-title-transform:var(--h2_typography-text-transform);--awb-caption-title-line-height:var(--h2_typography-line-height);--awb-caption-title-letter-spacing:var(--h2_typography-letter-spacing);\"><span class=\"fusion-imageframe imageframe-none imageframe-1 hover-type-none\"><img decoding=\"async\" src=\"data:image\/gif;base64,R0lGODlhAQABAAAAACH5BAEKAAEALAAAAAABAAEAAAICTAEAOw==\" data-orig-src=\"https:\/\/camping-miramar.de\/wp-content\/uploads\/2022\/11\/ADAC-2023.svg\" alt class=\"lazyload img-responsive\"\/><\/span><\/div><\/div><\/div><\/div><\/div>","protected":false},"excerpt":{"rendered":"","protected":false},"author":5,"featured_media":7620,"comment_status":"closed","ping_status":"open","sticky":false,"template":"","format":"standard","meta":{"footnotes":""},"categories":[1],"tags":[72,60,63,47],"class_list":["post-7617","post","type-post","status-publish","format-standard","has-post-thumbnail","hentry","category-fehmarn","tag-72","tag-campingplatz","tag-neuigkeiten","tag-wassersport"],"aioseo_notices":[],"_links":{"self":[{"href":"https:\/\/camping-miramar.de\/en\/wp-json\/wp\/v2\/posts\/7617","targetHints":{"allow":["GET"]}}],"collection":[{"href":"https:\/\/camping-miramar.de\/en\/wp-json\/wp\/v2\/posts"}],"about":[{"href":"https:\/\/camping-miramar.de\/en\/wp-json\/wp\/v2\/types\/post"}],"author":[{"embeddable":true,"href":"https:\/\/camping-miramar.de\/en\/wp-json\/wp\/v2\/users\/5"}],"replies":[{"embeddable":true,"href":"https:\/\/camping-miramar.de\/en\/wp-json\/wp\/v2\/comments?post=7617"}],"version-history":[{"count":3,"href":"https:\/\/camping-miramar.de\/en\/wp-json\/wp\/v2\/posts\/7617\/revisions"}],"predecessor-version":[{"id":7630,"href":"https:\/\/camping-miramar.de\/en\/wp-json\/wp\/v2\/posts\/7617\/revisions\/7630"}],"wp:featuredmedia":[{"embeddable":true,"href":"https:\/\/camping-miramar.de\/en\/wp-json\/wp\/v2\/media\/7620"}],"wp:attachment":[{"href":"https:\/\/camping-miramar.de\/en\/wp-json\/wp\/v2\/media?parent=7617"}],"wp:term":[{"taxonomy":"category","embeddable":true,"href":"https:\/\/camping-miramar.de\/en\/wp-json\/wp\/v2\/categories?post=7617"},{"taxonomy":"post_tag","embeddable":true,"href":"https:\/\/camping-miramar.de\/en\/wp-json\/wp\/v2\/tags?post=7617"}],"curies":[{"name":"wp","href":"https:\/\/api.w.org\/{rel}","templated":true}]}}